{"id":117,"date":"2021-04-11T09:23:00","date_gmt":"2021-04-11T09:23:00","guid":{"rendered":"https:\/\/diocese-aveiro.pt\/familia\/?p=117"},"modified":"2022-06-02T09:34:52","modified_gmt":"2022-06-02T09:34:52","slug":"relacoes-interpessoais","status":"publish","type":"post","link":"http:\/\/diocese-aveiro.pt\/familia\/relacoes-interpessoais\/","title":{"rendered":"Rela\u00e7\u00f5es interpessoais"},"content":{"rendered":"\n<figure class=\"wp-block-embed is-type-rich is-provider-incorporar-manipulador wp-block-embed-incorporar-manipulador wp-embed-aspect-16-9 wp-has-aspect-ratio\"><div class=\"wp-block-embed__wrapper\">\n<iframe loading=\"lazy\" title=\"2021 04 11    RELA\u00c7\u00d5ES INTERPESSOAIS\" width=\"1140\" height=\"641\" src=\"https:\/\/www.youtube.com\/embed\/u31psJ43cv4?feature=oembed\" frameborder=\"0\" allow=\"accelerometer; autoplay; clipboard-write; encrypted-media; gyroscope; picture-in-picture\" allowfullscreen><\/iframe>\n<\/div><figcaption>As nossos rela\u00e7\u00f5es interpessoais iniciam no n\u00facleo familiar.- Padre Ab\u00edlio Ara\u00fajo, assistente da Equipa Diocesana de Pastoral Familiar.<\/figcaption><\/figure>\n","protected":false},"excerpt":{"rendered":"","protected":false},"author":1,"featured_media":101,"comment_status":"open","ping_status":"open","sticky":false,"template":"","format":"standard","meta":[],"categories":[6,5],"tags":[],"_links":{"self":[{"href":"http:\/\/diocese-aveiro.pt\/familia\/wp-json\/wp\/v2\/posts\/117"}],"collection":[{"href":"http:\/\/diocese-aveiro.pt\/familia\/wp-json\/wp\/v2\/posts"}],"about":[{"href":"http:\/\/diocese-aveiro.pt\/familia\/wp-json\/wp\/v2\/types\/post"}],"author":[{"embeddable":true,"href":"http:\/\/diocese-aveiro.pt\/familia\/wp-json\/wp\/v2\/users\/1"}],"replies":[{"embeddable":true,"href":"http:\/\/diocese-aveiro.pt\/familia\/wp-json\/wp\/v2\/comments?post=117"}],"version-history":[{"count":1,"href":"http:\/\/diocese-aveiro.pt\/familia\/wp-json\/wp\/v2\/posts\/117\/revisions"}],"predecessor-version":[{"id":119,"href":"http:\/\/diocese-aveiro.pt\/familia\/wp-json\/wp\/v2\/posts\/117\/revisions\/119"}],"wp:featuredmedia":[{"embeddable":true,"href":"http:\/\/diocese-aveiro.pt\/familia\/wp-json\/wp\/v2\/media\/101"}],"wp:attachment":[{"href":"http:\/\/diocese-aveiro.pt\/familia\/wp-json\/wp\/v2\/media?parent=117"}],"wp:term":[{"taxonomy":"category","embeddable":true,"href":"http:\/\/diocese-aveiro.pt\/familia\/wp-json\/wp\/v2\/categories?post=117"},{"taxonomy":"post_tag","embeddable":true,"href":"http:\/\/diocese-aveiro.pt\/familia\/wp-json\/wp\/v2\/tags?post=117"}],"curies":[{"name":"wp","href":"https:\/\/api.w.org\/{rel}","templated":true}]}}