{"id":113,"date":"2021-03-19T09:20:00","date_gmt":"2021-03-19T09:20:00","guid":{"rendered":"https:\/\/diocese-aveiro.pt\/familia\/?p=113"},"modified":"2022-06-02T09:33:15","modified_gmt":"2022-06-02T09:33:15","slug":"dia-de-s-jose","status":"publish","type":"post","link":"http:\/\/diocese-aveiro.pt\/familia\/dia-de-s-jose\/","title":{"rendered":"Dia de S. Jos\u00e9"},"content":{"rendered":"\n<figure class=\"wp-block-embed is-type-rich is-provider-incorporar-manipulador wp-block-embed-incorporar-manipulador wp-embed-aspect-16-9 wp-has-aspect-ratio\"><div class=\"wp-block-embed__wrapper\">\n<iframe loading=\"lazy\" title=\"Dia de S. Jos\u00e9 2021\" width=\"1140\" height=\"641\" src=\"https:\/\/www.youtube.com\/embed\/p8No70pqk-w?feature=oembed\" frameborder=\"0\" allow=\"accelerometer; autoplay; clipboard-write; encrypted-media; gyroscope; picture-in-picture\" allowfullscreen><\/iframe>\n<\/div><\/figure>\n\n\n\n<p>Hoje, 19 mar\u00e7o, \u00e9 dia de S\u00e3o Jos\u00e9, esposo de Maria e pai de Jesus. \u00c9 esta a raz\u00e3o pela qual celebramos tamb\u00e9m o Dia do Pai.<\/p>\n\n\n\n<p>Neste ano, que o Papa Francisco quis dedicar a S\u00e3o Jos\u00e9, este dia \u00e9 vivido com ainda maior intensidade e marca o in\u00edcio do \u201cAno Amoris Laetitia\u201d, que ser\u00e1 um ano especial dedicado \u00e0 Fam\u00edlia e ao crescimento do amor familiar.<\/p>\n\n\n\n<p>Os Evangelistas n\u00e3o falam muito sobre S\u00e3o Jos\u00e9, mas permitem imaginar os tra\u00e7os desta figura discreta, mas important\u00edssima no projeto de Deus para a humanidade.<\/p>\n\n\n\n<p>O v\u00eddeo destaca os sete aspetos principais da figura de S\u00e3o Jos\u00e9, real\u00e7ados na carta apost\u00f3lica \u201cPatris Corde\u201d, que o Papa Francisco endere\u00e7ou a todos os crist\u00e3os em dezembro do ano passado. O documento integral (vale a pena ler!), pode ser lido aqui.<\/p>\n\n\n\n<p><a href=\"https:\/\/l.facebook.com\/l.php?u=http%3A%2F%2Fwww.vatican.va%2Fcontent%2Ffrancesco%2Fpt%2Fapost_letters%2Fdocuments%2Fpapa-francesco-lettera-ap_20201208_patris-corde.html%3Ffbclid%3DIwAR1P3iUNEROXV1cHjMzQ9d6WYzODfjpfQieF9KliM4whEjNzL12WMBN6Kp8&amp;h=AT0zzp5HdTYR3aAu8nNbA0INv_PDPRp6cUJLCGi_IKgBYAYof0zroxySKMUzD03pt-8TehLHxrIhfAXh_3NH_vAzVq9RaiUZILR1Wet9MS1UksnQkIZ6el7ycv4fW3QRDMi51S2w9RI_-OSXZU0e&amp;__tn__=-UK-R\" rel=\"noreferrer noopener\" target=\"_blank\">http:\/\/www.vatican.va\/&#8230;\/papa-francesco-lettera-ap&#8230;<\/a><\/p>\n\n\n\n<p>S\u00e3o Jos\u00e9, aben\u00e7oa todos os Pais!<\/p>\n\n\n\n<p>Feliz dia do Pai!<\/p>\n\n\n\n<hr class=\"wp-block-separator has-alpha-channel-opacity\"\/>\n","protected":false},"excerpt":{"rendered":"<p>Hoje, 19 mar\u00e7o, \u00e9 dia de S\u00e3o Jos\u00e9, esposo de Maria e pai de Jesus. \u00c9 esta a raz\u00e3o pela qual celebramos tamb\u00e9m o Dia do Pai. Neste ano, que o Papa Francisco quis dedicar a S\u00e3o Jos\u00e9, este dia \u00e9 vivido com ainda maior intensidade e marca o in\u00edcio do \u201cAno Amoris Laetitia\u201d, que [&hellip;]<\/p>\n","protected":false},"author":1,"featured_media":115,"comment_status":"open","ping_status":"open","sticky":false,"template":"","format":"standard","meta":[],"categories":[6,5],"tags":[],"_links":{"self":[{"href":"http:\/\/diocese-aveiro.pt\/familia\/wp-json\/wp\/v2\/posts\/113"}],"collection":[{"href":"http:\/\/diocese-aveiro.pt\/familia\/wp-json\/wp\/v2\/posts"}],"about":[{"href":"http:\/\/diocese-aveiro.pt\/familia\/wp-json\/wp\/v2\/types\/post"}],"author":[{"embeddable":true,"href":"http:\/\/diocese-aveiro.pt\/familia\/wp-json\/wp\/v2\/users\/1"}],"replies":[{"embeddable":true,"href":"http:\/\/diocese-aveiro.pt\/familia\/wp-json\/wp\/v2\/comments?post=113"}],"version-history":[{"count":1,"href":"http:\/\/diocese-aveiro.pt\/familia\/wp-json\/wp\/v2\/posts\/113\/revisions"}],"predecessor-version":[{"id":116,"href":"http:\/\/diocese-aveiro.pt\/familia\/wp-json\/wp\/v2\/posts\/113\/revisions\/116"}],"wp:featuredmedia":[{"embeddable":true,"href":"http:\/\/diocese-aveiro.pt\/familia\/wp-json\/wp\/v2\/media\/115"}],"wp:attachment":[{"href":"http:\/\/diocese-aveiro.pt\/familia\/wp-json\/wp\/v2\/media?parent=113"}],"wp:term":[{"taxonomy":"category","embeddable":true,"href":"http:\/\/diocese-aveiro.pt\/familia\/wp-json\/wp\/v2\/categories?post=113"},{"taxonomy":"post_tag","embeddable":true,"href":"http:\/\/diocese-aveiro.pt\/familia\/wp-json\/wp\/v2\/tags?post=113"}],"curies":[{"name":"wp","href":"https:\/\/api.w.org\/{rel}","templated":true}]}}