{"id":106,"date":"2021-02-17T09:10:00","date_gmt":"2021-02-17T09:10:00","guid":{"rendered":"https:\/\/diocese-aveiro.pt\/familia\/?p=106"},"modified":"2022-06-02T09:34:26","modified_gmt":"2022-06-02T09:34:26","slug":"sacramento-do-matrimonio-testemunho","status":"publish","type":"post","link":"http:\/\/diocese-aveiro.pt\/familia\/sacramento-do-matrimonio-testemunho\/","title":{"rendered":"Sacramento do matrim\u00f3nio &#8211; testemunho"},"content":{"rendered":"\n<figure class=\"wp-block-embed aligncenter is-type-rich is-provider-incorporar-manipulador wp-block-embed-incorporar-manipulador wp-embed-aspect-16-9 wp-has-aspect-ratio\"><div class=\"wp-block-embed__wrapper\">\n<iframe loading=\"lazy\" title=\"Sacramento do Matrim\u00f3nio - testemunho\" width=\"1140\" height=\"641\" src=\"https:\/\/www.youtube.com\/embed\/zUXq_vcHowc?feature=oembed\" frameborder=\"0\" allow=\"accelerometer; autoplay; clipboard-write; encrypted-media; gyroscope; picture-in-picture\" allowfullscreen><\/iframe>\n<\/div><figcaption>Sacramento do matrim\u00f3nio &#8211; testemunho da Em\u00edlia Silva e do H\u00e9lder Bernardo<\/figcaption><\/figure>\n","protected":false},"excerpt":{"rendered":"","protected":false},"author":1,"featured_media":101,"comment_status":"open","ping_status":"open","sticky":false,"template":"","format":"standard","meta":[],"categories":[6,5],"tags":[],"_links":{"self":[{"href":"http:\/\/diocese-aveiro.pt\/familia\/wp-json\/wp\/v2\/posts\/106"}],"collection":[{"href":"http:\/\/diocese-aveiro.pt\/familia\/wp-json\/wp\/v2\/posts"}],"about":[{"href":"http:\/\/diocese-aveiro.pt\/familia\/wp-json\/wp\/v2\/types\/post"}],"author":[{"embeddable":true,"href":"http:\/\/diocese-aveiro.pt\/familia\/wp-json\/wp\/v2\/users\/1"}],"replies":[{"embeddable":true,"href":"http:\/\/diocese-aveiro.pt\/familia\/wp-json\/wp\/v2\/comments?post=106"}],"version-history":[{"count":1,"href":"http:\/\/diocese-aveiro.pt\/familia\/wp-json\/wp\/v2\/posts\/106\/revisions"}],"predecessor-version":[{"id":108,"href":"http:\/\/diocese-aveiro.pt\/familia\/wp-json\/wp\/v2\/posts\/106\/revisions\/108"}],"wp:featuredmedia":[{"embeddable":true,"href":"http:\/\/diocese-aveiro.pt\/familia\/wp-json\/wp\/v2\/media\/101"}],"wp:attachment":[{"href":"http:\/\/diocese-aveiro.pt\/familia\/wp-json\/wp\/v2\/media?parent=106"}],"wp:term":[{"taxonomy":"category","embeddable":true,"href":"http:\/\/diocese-aveiro.pt\/familia\/wp-json\/wp\/v2\/categories?post=106"},{"taxonomy":"post_tag","embeddable":true,"href":"http:\/\/diocese-aveiro.pt\/familia\/wp-json\/wp\/v2\/tags?post=106"}],"curies":[{"name":"wp","href":"https:\/\/api.w.org\/{rel}","templated":true}]}}